{"id":1447,"date":"2023-07-05T10:31:31","date_gmt":"2023-07-05T08:31:31","guid":{"rendered":"https:\/\/public-touch.de\/?post_type=pt-news&#038;p=1447"},"modified":"2023-07-05T10:39:29","modified_gmt":"2023-07-05T08:39:29","slug":"ideal-fuer-galerien-und-museen-der-neue-projektor-du4381z-st-von-vivitek","status":"publish","type":"pt-news","link":"https:\/\/publictouch.de\/en\/pt-news\/ideal-fuer-galerien-und-museen-der-neue-projektor-du4381z-st-von-vivitek\/","title":{"rendered":"Ideal f\u00fcr Galerien und Museen: Der neue Projektor DU4381Z-ST von Vivitek"},"content":{"rendered":"\n<p>Vivitek, einer der f\u00fchrenden Anbieter visueller Pr\u00e4sentations- und Collaboration-L\u00f6sungen, pr\u00e4sentiert mit seinem neuen DU4381Z-ST, einen hochmodernen Short-Throw-Laserprojektor mit einer hohen Helligkeit von 6.100 Lumen, einem Kontrastverh\u00e4ltnis von 3.000.000:1 sowie einer langen Lebensdauer von bis zu 30.000 Stunden. Zudem unterst\u00fctzt er 24\/7 Anwendungen, wodurch der Projektor ideal f\u00fcr Mapping-Installationen in Galerien und Museen, aber auch f\u00fcr Digital Signage-Anwendungen geeignet ist.<\/p>\n","protected":false},"author":2,"featured_media":1460,"template":"","firma":[22],"sprache":[23],"class_list":["post-1447","pt-news","type-pt-news","status-publish","has-post-thumbnail","hentry","firma-vivitek","sprache-deutsch"],"acf":[],"_links":{"self":[{"href":"https:\/\/publictouch.de\/en\/wp-json\/wp\/v2\/pt-news\/1447","targetHints":{"allow":["GET"]}}],"collection":[{"href":"https:\/\/publictouch.de\/en\/wp-json\/wp\/v2\/pt-news"}],"about":[{"href":"https:\/\/publictouch.de\/en\/wp-json\/wp\/v2\/types\/pt-news"}],"author":[{"embeddable":true,"href":"https:\/\/publictouch.de\/en\/wp-json\/wp\/v2\/users\/2"}],"wp:featuredmedia":[{"embeddable":true,"href":"https:\/\/publictouch.de\/en\/wp-json\/wp\/v2\/media\/1460"}],"wp:attachment":[{"href":"https:\/\/publictouch.de\/en\/wp-json\/wp\/v2\/media?parent=1447"}],"wp:term":[{"taxonomy":"firma","embeddable":true,"href":"https:\/\/publictouch.de\/en\/wp-json\/wp\/v2\/firma?post=1447"},{"taxonomy":"sprache","embeddable":true,"href":"https:\/\/publictouch.de\/en\/wp-json\/wp\/v2\/sprache?post=1447"}],"curies":[{"name":"wp","href":"https:\/\/api.w.org\/{rel}","templated":true}]}}