{"id":1695,"date":"2023-08-29T10:49:48","date_gmt":"2023-08-29T08:49:48","guid":{"rendered":"https:\/\/publictouch.de\/?post_type=pt-news&#038;p=1695"},"modified":"2023-08-29T10:51:26","modified_gmt":"2023-08-29T08:51:26","slug":"kompakt-tragbar-und-leistungsstark-die-neuen-d2000-projektoren-von-vivitek","status":"publish","type":"pt-news","link":"https:\/\/publictouch.de\/en\/pt-news\/kompakt-tragbar-und-leistungsstark-die-neuen-d2000-projektoren-von-vivitek\/","title":{"rendered":"Kompakt, tragbar und leistungsstark: Die neuen D2000 Projektoren von Vivitek"},"content":{"rendered":"\n<p>Vivitek, einer der f\u00fchrenden Anbieter visueller Pr\u00e4sentations- und Collaboration-L\u00f6sungen, pr\u00e4sentiert mit seiner neuen D2000 Serie leistungsstarke Projektoren, die dank ihrem geringen Gewicht von gerade einmal 4,8 kg einfach zu transportieren sind. Die beiden Modelle DW2650Z und DH2661Z sind ideal f\u00fcr die Anforderungen kleiner und mittelgro\u00dfer Besprechungsr\u00e4ume geeignet. Sie bieten ein brillantes Bild mit bis zu 300\u201c Bilddiagonale, mehrere E\/A-Anschl\u00fcsse sowie eine langlebige Lichtquelle, w\u00e4hrend sie einfach einzurichten und intuitiv bedienbar sind.<\/p>\n","protected":false},"author":2,"featured_media":1704,"template":"","firma":[22],"sprache":[23],"class_list":["post-1695","pt-news","type-pt-news","status-publish","has-post-thumbnail","hentry","firma-vivitek","sprache-deutsch"],"acf":[],"_links":{"self":[{"href":"https:\/\/publictouch.de\/en\/wp-json\/wp\/v2\/pt-news\/1695","targetHints":{"allow":["GET"]}}],"collection":[{"href":"https:\/\/publictouch.de\/en\/wp-json\/wp\/v2\/pt-news"}],"about":[{"href":"https:\/\/publictouch.de\/en\/wp-json\/wp\/v2\/types\/pt-news"}],"author":[{"embeddable":true,"href":"https:\/\/publictouch.de\/en\/wp-json\/wp\/v2\/users\/2"}],"wp:featuredmedia":[{"embeddable":true,"href":"https:\/\/publictouch.de\/en\/wp-json\/wp\/v2\/media\/1704"}],"wp:attachment":[{"href":"https:\/\/publictouch.de\/en\/wp-json\/wp\/v2\/media?parent=1695"}],"wp:term":[{"taxonomy":"firma","embeddable":true,"href":"https:\/\/publictouch.de\/en\/wp-json\/wp\/v2\/firma?post=1695"},{"taxonomy":"sprache","embeddable":true,"href":"https:\/\/publictouch.de\/en\/wp-json\/wp\/v2\/sprache?post=1695"}],"curies":[{"name":"wp","href":"https:\/\/api.w.org\/{rel}","templated":true}]}}