{"id":1817,"date":"2023-09-25T08:52:39","date_gmt":"2023-09-25T06:52:39","guid":{"rendered":"https:\/\/publictouch.de\/?post_type=pt-news&#038;p=1817"},"modified":"2023-09-26T16:49:30","modified_gmt":"2023-09-26T14:49:30","slug":"pour-des-images-brillantes-au-format-panoramique-le-nouvel-ecran-maxhub-ultra-wide-5k","status":"publish","type":"pt-news","link":"https:\/\/publictouch.de\/en\/pt-news\/pour-des-images-brillantes-au-format-panoramique-le-nouvel-ecran-maxhub-ultra-wide-5k\/","title":{"rendered":"Pour une image exceptionnelle au format panoramique : le nouvel \u00e9cran MAXHUB Ultra Wide 5K"},"content":{"rendered":"\n<p>Avec son nouvel \u00e9cran 105&#8243; Ultra-Large 5K UW105, MAXHUB, fournisseur de solutions novatrices en termes de communications unifi\u00e9es et d&#8217;affichage, pr\u00e9sente la solution id\u00e9ale pour les grandes salles de conf\u00e9rence premium. Remarquable par son ratio 21:9, et son format 105 pouces, cet \u00e9cran est avant tout con\u00e7u et pens\u00e9 pour Microsoft Teams et la fonction Front Row qui optimise la visibilit\u00e9 et les \u00e9changes entre les collaborateurs.<\/p>\n","protected":false},"author":2,"featured_media":1800,"template":"","firma":[21],"sprache":[25],"class_list":["post-1817","pt-news","type-pt-news","status-publish","has-post-thumbnail","hentry","firma-maxhub","sprache-franzoesisch"],"acf":[],"_links":{"self":[{"href":"https:\/\/publictouch.de\/en\/wp-json\/wp\/v2\/pt-news\/1817","targetHints":{"allow":["GET"]}}],"collection":[{"href":"https:\/\/publictouch.de\/en\/wp-json\/wp\/v2\/pt-news"}],"about":[{"href":"https:\/\/publictouch.de\/en\/wp-json\/wp\/v2\/types\/pt-news"}],"author":[{"embeddable":true,"href":"https:\/\/publictouch.de\/en\/wp-json\/wp\/v2\/users\/2"}],"wp:featuredmedia":[{"embeddable":true,"href":"https:\/\/publictouch.de\/en\/wp-json\/wp\/v2\/media\/1800"}],"wp:attachment":[{"href":"https:\/\/publictouch.de\/en\/wp-json\/wp\/v2\/media?parent=1817"}],"wp:term":[{"taxonomy":"firma","embeddable":true,"href":"https:\/\/publictouch.de\/en\/wp-json\/wp\/v2\/firma?post=1817"},{"taxonomy":"sprache","embeddable":true,"href":"https:\/\/publictouch.de\/en\/wp-json\/wp\/v2\/sprache?post=1817"}],"curies":[{"name":"wp","href":"https:\/\/api.w.org\/{rel}","templated":true}]}}