{"id":1825,"date":"2023-09-27T08:45:10","date_gmt":"2023-09-27T06:45:10","guid":{"rendered":"https:\/\/publictouch.de\/?post_type=pt-news&#038;p=1825"},"modified":"2023-10-04T10:17:01","modified_gmt":"2023-10-04T08:17:01","slug":"juergen-lay-ist-neuer-sales-manager-bei-vivitek","status":"publish","type":"pt-news","link":"https:\/\/publictouch.de\/en\/pt-news\/juergen-lay-ist-neuer-sales-manager-bei-vivitek\/","title":{"rendered":"J\u00fcrgen Lay ist neuer Sales Manager bei Vivitek"},"content":{"rendered":"\n<p>Seit 1. Juli 2023 verst\u00e4rkt J\u00fcrgen Lay das Vertriebsteam von Vivitek in Deutschland. Zu den Aufgaben des neuen Sales Managers geh\u00f6ren die Betreuung der Fachh\u00e4ndler und der Ausbau des Partnernetzwerks, die Unterst\u00fctzung von Projekten sowie die Entwicklung und Durchf\u00fchrung von Produktschulungen.<\/p>\n","protected":false},"author":2,"featured_media":1826,"template":"","firma":[22],"sprache":[23],"class_list":["post-1825","pt-news","type-pt-news","status-publish","has-post-thumbnail","hentry","firma-vivitek","sprache-deutsch"],"acf":[],"_links":{"self":[{"href":"https:\/\/publictouch.de\/en\/wp-json\/wp\/v2\/pt-news\/1825","targetHints":{"allow":["GET"]}}],"collection":[{"href":"https:\/\/publictouch.de\/en\/wp-json\/wp\/v2\/pt-news"}],"about":[{"href":"https:\/\/publictouch.de\/en\/wp-json\/wp\/v2\/types\/pt-news"}],"author":[{"embeddable":true,"href":"https:\/\/publictouch.de\/en\/wp-json\/wp\/v2\/users\/2"}],"wp:featuredmedia":[{"embeddable":true,"href":"https:\/\/publictouch.de\/en\/wp-json\/wp\/v2\/media\/1826"}],"wp:attachment":[{"href":"https:\/\/publictouch.de\/en\/wp-json\/wp\/v2\/media?parent=1825"}],"wp:term":[{"taxonomy":"firma","embeddable":true,"href":"https:\/\/publictouch.de\/en\/wp-json\/wp\/v2\/firma?post=1825"},{"taxonomy":"sprache","embeddable":true,"href":"https:\/\/publictouch.de\/en\/wp-json\/wp\/v2\/sprache?post=1825"}],"curies":[{"name":"wp","href":"https:\/\/api.w.org\/{rel}","templated":true}]}}