{"id":2328,"date":"2024-01-23T13:06:11","date_gmt":"2024-01-23T12:06:11","guid":{"rendered":"https:\/\/publictouch.de\/?post_type=pt-news&#038;p=2328"},"modified":"2024-01-26T09:12:00","modified_gmt":"2024-01-26T08:12:00","slug":"ecrans-tout-en-un-solutions-integrees-et-bien-plus-encore-maxhub-au-salon-ise-2024","status":"publish","type":"pt-news","link":"https:\/\/publictouch.de\/en\/pt-news\/ecrans-tout-en-un-solutions-integrees-et-bien-plus-encore-maxhub-au-salon-ise-2024\/","title":{"rendered":"\u00c9crans tout-en-un, solutions int\u00e9gr\u00e9es et bien plus encore\u00a0: MAXHUB au salon ISE 2024"},"content":{"rendered":"\n<p>MAXHUB \u00e0 l&#8217;ISE 2024, Hall\/Stand 2P300<\/p>\n\n\n\n<p>MAXHUB, l\u2019un des leaders mondiaux en mati\u00e8re de solutions de communication et d&#8217;affichage, pr\u00e9sentera \u00e0 l&#8217;ISE ses \u00e9crans commerciaux tout-en-un innovants de la s\u00e9rie CMD, la s\u00e9rie MAXHUB XT certifi\u00e9e Teams pour les Salles Microsoft Teams, ainsi qu&#8217;une multitude de nouveaux produits au design int\u00e9gr\u00e9, allant des solutions LED aux solutions de communication unifi\u00e9e.<\/p>\n","protected":false},"author":2,"featured_media":2309,"template":"","firma":[21],"sprache":[25],"class_list":["post-2328","pt-news","type-pt-news","status-publish","has-post-thumbnail","hentry","firma-maxhub","sprache-franzoesisch"],"acf":[],"_links":{"self":[{"href":"https:\/\/publictouch.de\/en\/wp-json\/wp\/v2\/pt-news\/2328","targetHints":{"allow":["GET"]}}],"collection":[{"href":"https:\/\/publictouch.de\/en\/wp-json\/wp\/v2\/pt-news"}],"about":[{"href":"https:\/\/publictouch.de\/en\/wp-json\/wp\/v2\/types\/pt-news"}],"author":[{"embeddable":true,"href":"https:\/\/publictouch.de\/en\/wp-json\/wp\/v2\/users\/2"}],"wp:featuredmedia":[{"embeddable":true,"href":"https:\/\/publictouch.de\/en\/wp-json\/wp\/v2\/media\/2309"}],"wp:attachment":[{"href":"https:\/\/publictouch.de\/en\/wp-json\/wp\/v2\/media?parent=2328"}],"wp:term":[{"taxonomy":"firma","embeddable":true,"href":"https:\/\/publictouch.de\/en\/wp-json\/wp\/v2\/firma?post=2328"},{"taxonomy":"sprache","embeddable":true,"href":"https:\/\/publictouch.de\/en\/wp-json\/wp\/v2\/sprache?post=2328"}],"curies":[{"name":"wp","href":"https:\/\/api.w.org\/{rel}","templated":true}]}}