{"id":2916,"date":"2024-06-11T12:26:54","date_gmt":"2024-06-11T10:26:54","guid":{"rendered":"https:\/\/publictouch.de\/?post_type=pt-news&#038;p=2916"},"modified":"2024-06-11T12:29:11","modified_gmt":"2024-06-11T10:29:11","slug":"vivitek-novoconnect-und-kameras-von-aver-fuer-optimale-videokonferenzen","status":"publish","type":"pt-news","link":"https:\/\/publictouch.de\/en\/pt-news\/vivitek-novoconnect-und-kameras-von-aver-fuer-optimale-videokonferenzen\/","title":{"rendered":"Vivitek NovoConnect und Kameras von AVer f\u00fcr optimale Videokonferenzen"},"content":{"rendered":"\n<p>Vivitek, ein f\u00fchrender Anbieter visueller Pr\u00e4sentations- und Collaboration-L\u00f6sungen, und AVer kooperieren, um die nahtlose Kompatibilit\u00e4t des Novo Ecosystems und der AVer-Videotechnologie sicherzustellen.<\/p>\n","protected":false},"author":2,"featured_media":2917,"template":"","firma":[22],"sprache":[23],"class_list":["post-2916","pt-news","type-pt-news","status-publish","has-post-thumbnail","hentry","firma-vivitek","sprache-deutsch"],"acf":[],"_links":{"self":[{"href":"https:\/\/publictouch.de\/en\/wp-json\/wp\/v2\/pt-news\/2916","targetHints":{"allow":["GET"]}}],"collection":[{"href":"https:\/\/publictouch.de\/en\/wp-json\/wp\/v2\/pt-news"}],"about":[{"href":"https:\/\/publictouch.de\/en\/wp-json\/wp\/v2\/types\/pt-news"}],"author":[{"embeddable":true,"href":"https:\/\/publictouch.de\/en\/wp-json\/wp\/v2\/users\/2"}],"wp:featuredmedia":[{"embeddable":true,"href":"https:\/\/publictouch.de\/en\/wp-json\/wp\/v2\/media\/2917"}],"wp:attachment":[{"href":"https:\/\/publictouch.de\/en\/wp-json\/wp\/v2\/media?parent=2916"}],"wp:term":[{"taxonomy":"firma","embeddable":true,"href":"https:\/\/publictouch.de\/en\/wp-json\/wp\/v2\/firma?post=2916"},{"taxonomy":"sprache","embeddable":true,"href":"https:\/\/publictouch.de\/en\/wp-json\/wp\/v2\/sprache?post=2916"}],"curies":[{"name":"wp","href":"https:\/\/api.w.org\/{rel}","templated":true}]}}