{"id":3042,"date":"2024-06-28T10:22:34","date_gmt":"2024-06-28T08:22:34","guid":{"rendered":"https:\/\/publictouch.de\/?post_type=pt-news&#038;p=3042"},"modified":"2024-06-28T10:25:29","modified_gmt":"2024-06-28T08:25:29","slug":"kodak-alaris-setzt-ein-zeichen-fuer-den-klimaschutz","status":"publish","type":"pt-news","link":"https:\/\/publictouch.de\/en\/pt-news\/kodak-alaris-setzt-ein-zeichen-fuer-den-klimaschutz\/","title":{"rendered":"Kodak Alaris setzt ein Zeichen f\u00fcr den Klimaschutz"},"content":{"rendered":"\n<p><strong>Transportwege \u00fcber Kontinente hinweg lassen sich nicht vermeiden, umso wichtiger ist die Kompensation des CO2-Aussto\u00dfes. Kodak Alaris geht diesen Weg und setzt ein Zeichen f\u00fcr Nachhaltigkeit.<\/strong><\/p>\n","protected":false},"author":2,"featured_media":3043,"template":"","firma":[20],"sprache":[23],"class_list":["post-3042","pt-news","type-pt-news","status-publish","has-post-thumbnail","hentry","firma-kodak-alaris","sprache-deutsch"],"acf":[],"_links":{"self":[{"href":"https:\/\/publictouch.de\/en\/wp-json\/wp\/v2\/pt-news\/3042","targetHints":{"allow":["GET"]}}],"collection":[{"href":"https:\/\/publictouch.de\/en\/wp-json\/wp\/v2\/pt-news"}],"about":[{"href":"https:\/\/publictouch.de\/en\/wp-json\/wp\/v2\/types\/pt-news"}],"author":[{"embeddable":true,"href":"https:\/\/publictouch.de\/en\/wp-json\/wp\/v2\/users\/2"}],"wp:featuredmedia":[{"embeddable":true,"href":"https:\/\/publictouch.de\/en\/wp-json\/wp\/v2\/media\/3043"}],"wp:attachment":[{"href":"https:\/\/publictouch.de\/en\/wp-json\/wp\/v2\/media?parent=3042"}],"wp:term":[{"taxonomy":"firma","embeddable":true,"href":"https:\/\/publictouch.de\/en\/wp-json\/wp\/v2\/firma?post=3042"},{"taxonomy":"sprache","embeddable":true,"href":"https:\/\/publictouch.de\/en\/wp-json\/wp\/v2\/sprache?post=3042"}],"curies":[{"name":"wp","href":"https:\/\/api.w.org\/{rel}","templated":true}]}}